[{"@context":"https:\/\/schema.org\/","@type":"Article","@id":"https:\/\/www.piatek.cz\/mekky-molitan\/#Article","mainEntityOfPage":"https:\/\/www.piatek.cz\/mekky-molitan\/","headline":"M\u011bkk\u00fd molitan","name":"M\u011bkk\u00fd molitan","description":"Molitan se vyu\u017e\u00edv\u00e1 na opravdu hodn\u011b v\u011bc\u00ed. Molitanem tak\u00e9 samoz\u0159ejm\u011b m\u016f\u017eete zateplovat materi\u00e1l. Molitan je opravdu perfektn\u00ed a hod\u00ed se t\u00e9m\u011b\u0159 na v\u0161echno, nap\u0159\u00edklad i na v\u00fdpl\u0148 seda\u010dek anebo tak\u00e9&hellip;","datePublished":"2025-04-02","dateModified":"2025-04-02","author":{"@type":"Person","@id":"https:\/\/www.piatek.cz\/author\/#Person","name":"","url":"https:\/\/www.piatek.cz\/author\/","identifier":1,"image":{"@type":"ImageObject","@id":"https:\/\/secure.gravatar.com\/avatar\/ade5060b95d9432296fc92debd2ba3136f7a4d727a7bc57afe18c4808c7d7ac9?s=96&d=mm&r=g","url":"https:\/\/secure.gravatar.com\/avatar\/ade5060b95d9432296fc92debd2ba3136f7a4d727a7bc57afe18c4808c7d7ac9?s=96&d=mm&r=g","height":96,"width":96}},"publisher":{"@type":"Organization","name":"piatek.cz","logo":{"@type":"ImageObject","@id":"\/logo.png","url":"\/logo.png","width":600,"height":60}},"image":{"@type":"ImageObject","@id":"https:\/\/www.piatek.cz\/wp-content\/uploads\/cushion-1164088_640.jpg","url":"https:\/\/www.piatek.cz\/wp-content\/uploads\/cushion-1164088_640.jpg","height":0,"width":0},"url":"https:\/\/www.piatek.cz\/mekky-molitan\/","about":["Produkty"],"wordCount":407,"articleBody":"       Molitan se vyu\u017e\u00edv\u00e1 na opravdu hodn\u011b v\u011bc\u00ed. Molitanem tak\u00e9 samoz\u0159ejm\u011b m\u016f\u017eete zateplovat materi\u00e1l. Molitan je opravdu perfektn\u00ed a hod\u00ed se t\u00e9m\u011b\u0159 na v\u0161echno, nap\u0159\u00edklad i na v\u00fdpl\u0148 seda\u010dek anebo tak\u00e9 matrac\u00ed, na kter\u00fdch sp\u00edme. Ur\u010dit\u011b se tak\u00e9 v\u0161ichni vzpom\u00edn\u00e1te na ty doby, kdy matrace byly t\u0159eba jenom z takov\u00fdch p\u0159\u00edrodn\u00edch materi\u00e1l\u016f, jako je sl\u00e1ma. Nebo seno. Tohle mi alespo\u0148 \u0159\u00edkal m\u016fj d\u011bde\u010dek, proto\u017ee tohle m\u011bl doma. Pozd\u011bji se ale matrace na span\u00ed za\u010daly vyr\u00e1b\u011bt nap\u0159\u00edklad pr\u00e1v\u011b ze zm\u00edn\u011bn\u00e9ho molitanu, proto\u017ee molitan je opravdu m\u011bkou\u010dk\u00fd a p\u0159\u00edjemn\u00fd na dotek i na le\u017een\u00ed nebo na sezen\u00ed. Molitan je i cenov\u011b dostupn\u00fd. Kdy\u017e jsem se potom koukla na internet, kolik stoj\u00ed t\u0159eba nap\u0159\u00edklad kusy molitanu, tak jsem byla docela dost mile p\u0159ekvapen\u00e1, proto\u017ee cena molitanu byla opravdu hodn\u011b n\u00edzk\u00e1. A kdy\u017e jsme potom d\u011blali doma n\u011bjakou men\u0161\u00ed p\u0159estavbu, tak jsme je do jedn\u011bch m\u00edstnost\u00ed dali pr\u00e1v\u011b molitan, aby se to tak\u00e9 odhlu\u010dnilo, proto\u017ee molitan m\u00e1 tak\u00e9 skv\u011bl\u00e9 odhlu\u010d\u0148ovac\u00ed schopnosti. Tak\u017ee pokud t\u0159eba m\u00e1te velice hlu\u010dnou kancel\u00e1\u0159 anebo d\u011btsk\u00fd pokoj, tak tak\u00e9 ty zdi m\u016f\u017eete zateplit a odhlu\u010dnit pr\u00e1v\u011b molitanem, \u017ee tam d\u00e1te takovou p\u0159ekli\u017eku z molitanu a n\u011bco podobn\u00e9ho.Pokud ale kupujete nap\u0159\u00edklad novou seda\u010dku, tak \u010daloun\u011bn\u00ed tak\u00e9 m\u016f\u017ee b\u00fdt i z molitanu. A proto\u017ee kdy\u017e budete m\u00edt velice m\u011bkou\u010dkou a p\u0159\u00edjemnou seda\u010dku, kter\u00e1 je z molitanu, tak se potom nemus\u00edte b\u00e1t, \u017ee by se t\u0159eba v\u00e1m nep\u0159\u00edjemn\u011b sed\u011blo. J\u00e1 si mysl\u00edm, \u017ee molitanov\u00e9 seda\u010dky a molitanov\u00e9 matrace jsou na vzestupu a jsou velice p\u0159\u00edjemn\u00e9. Mysl\u00edm si, \u017ee v tomhle n\u00e1zoru nejsem v\u016fbec sama, pokud i vy st\u00e1le je\u0161t\u011b v\u00e1h\u00e1te, jestli si vz\u00edt molitanovou seda\u010dku, tak rozhodn\u011b nev\u00e1hejte, proto\u017ee molitan je opravdu p\u0159\u00edjemn\u00fd a v\u011b\u0159\u00edm, \u017ee i seda\u010dka z molitanu bude velice p\u0159\u00edjemn\u00e1 a budete s n\u00ed opravdu maxim\u00e1ln\u011b spokojeni. A j\u00e1 nezn\u00e1m nikoho, komu by molitan je\u0161t\u011b n\u011bkdy vadil.                                                                                                                                                                                                                                                                                                                                                                                           4.5\/5 - (4 votes)        "},{"@context":"https:\/\/schema.org\/","@type":"BreadcrumbList","itemListElement":[{"@type":"ListItem","position":1,"name":"M\u011bkk\u00fd molitan","item":"https:\/\/www.piatek.cz\/mekky-molitan\/#breadcrumbitem"}]}]